{"id":5819,"date":"2025-03-26T10:36:00","date_gmt":"2025-03-26T09:36:00","guid":{"rendered":"https:\/\/www.sfaltea.com\/2025\/03\/26\/jurat-per-a-aquesta-50a-edicio-del-cimaltea\/"},"modified":"2025-04-15T11:20:48","modified_gmt":"2025-04-15T10:20:48","slug":"jurat-per-a-aquesta-50a-edicio-del-cimaltea","status":"publish","type":"post","link":"https:\/\/www.sfaltea.com\/es\/2025\/03\/26\/jurat-per-a-aquesta-50a-edicio-del-cimaltea\/","title":{"rendered":"Jurado para la 50\u00aa edici\u00f3n del CIMAltea"},"content":{"rendered":"\t\t<div data-elementor-type=\"wp-post\" data-elementor-id=\"5819\" class=\"elementor elementor-5819\" data-elementor-settings=\"[]\">\n\t\t\t\t\t\t\t<div class=\"elementor-section-wrap\">\n\t\t\t\t\t\t\t<section class=\"elementor-section elementor-top-section elementor-element elementor-element-0a0b366 elementor-section-boxed elementor-section-height-default elementor-section-height-default\" data-id=\"0a0b366\" data-element_type=\"section\">\n\t\t\t\t\t\t<div class=\"elementor-container elementor-column-gap-default\">\n\t\t\t\t\t<div class=\"elementor-column elementor-col-100 elementor-top-column elementor-element elementor-element-8b9e3e8\" data-id=\"8b9e3e8\" data-element_type=\"column\">\n\t\t\t<div class=\"elementor-widget-wrap elementor-element-populated\">\n\t\t\t\t\t\t\t\t<div class=\"elementor-element elementor-element-d5ef702 elementor-widget elementor-widget-image\" data-id=\"d5ef702\" data-element_type=\"widget\" data-widget_type=\"image.default\">\n\t\t\t\t<div class=\"elementor-widget-container\">\n\t\t\t\t\t\t\t\t\t\t\t\t\t\t\t\t<a href=\"https:\/\/www.sfaltea.com\/wp-content\/uploads\/2025\/03\/Jurat-certamen-2025.jpg\" data-elementor-open-lightbox=\"yes\" data-elementor-lightbox-title=\"Jurat certamen 2025\" e-action-hash=\"#elementor-action%3Aaction%3Dlightbox%26settings%3DeyJpZCI6NTgwOSwidXJsIjoiaHR0cHM6XC9cL3d3dy5zZmFsdGVhLmNvbVwvd3AtY29udGVudFwvdXBsb2Fkc1wvMjAyNVwvMDNcL0p1cmF0LWNlcnRhbWVuLTIwMjUuanBnIn0%3D\">\n\t\t\t\t\t\t\t<img src=\"https:\/\/www.sfaltea.com\/wp-content\/uploads\/2025\/03\/Jurat-certamen-2025.jpg\" title=\"Jurat certamen 2025\" alt=\"Jurat certamen 2025\" \/>\t\t\t\t\t\t\t\t<\/a>\n\t\t\t\t\t\t\t\t\t\t\t\t\t\t\t<\/div>\n\t\t\t\t<\/div>\n\t\t\t\t\t<\/div>\n\t\t<\/div>\n\t\t\t\t\t\t\t<\/div>\n\t\t<\/section>\n\t\t\t\t<section class=\"elementor-section elementor-top-section elementor-element elementor-element-cc8d925 elementor-section-boxed elementor-section-height-default elementor-section-height-default\" data-id=\"cc8d925\" data-element_type=\"section\">\n\t\t\t\t\t\t<div class=\"elementor-container elementor-column-gap-default\">\n\t\t\t\t\t<div class=\"elementor-column elementor-col-100 elementor-top-column elementor-element elementor-element-e569692\" data-id=\"e569692\" data-element_type=\"column\">\n\t\t\t<div class=\"elementor-widget-wrap elementor-element-populated\">\n\t\t\t\t\t\t\t\t<div class=\"elementor-element elementor-element-c6c95b8 elementor-widget elementor-widget-text-editor\" data-id=\"c6c95b8\" data-element_type=\"widget\" data-widget_type=\"text-editor.default\">\n\t\t\t\t<div class=\"elementor-widget-container\">\n\t\t\t\t\t\t\t<div dir=\"auto\"><div dir=\"auto\">El Jurado para esta 50\u00aa edici\u00f3n del Certamen Internacional de M\u00fasica \u201cVila d\u2019 Altea\u201d en su Secci\u00f3 Simf\u00f2nica est\u00e0 compuesto por el brasile\u00f1o Dario Sotelo (presidente), la directora valenciana Pilar Va\u00f1\u00f3 y el compositor y director portugu\u00e9s Alberto Roque.<\/div><div dir=\"auto\">Ya puedes consultar toda la informaci\u00f3n de esta edici\u00f3n en la web oficial del certamen:\u00a0<span class=\"html-span xdj266r x11i5rnm xat24cr x1mh8g0r xexx8yu x4uap5 x18d9i69 xkhd6sd x1hl2dhg x16tdsg8 x1vvkbs\"><a class=\"x1i10hfl xjbqb8w x1ejq31n xd10rxx x1sy0etr x17r0tee x972fbf xcfux6l x1qhh985 xm0m39n x9f619 x1ypdohk xt0psk2 xe8uvvx xdj266r x11i5rnm xat24cr x1mh8g0r xexx8yu x4uap5 x18d9i69 xkhd6sd x16tdsg8 x1hl2dhg xggy1nq x1a2a7pz xkrqix3 x1sur9pj x1fey0fg x1s688f\" tabindex=\"0\" role=\"link\" href=\"http:\/\/cimaltea.com\/?fbclid=IwZXh0bgNhZW0CMTAAAR4IVQkZmHqCAPghg7of2XpoLCSbfHtu8fkeQZAqC1oZQNDgIlapGVVlTZdh_w_aem_Jn-mUFpa4T3mmTZFnRynuw\" target=\"_blank\" rel=\"nofollow noopener noreferrer\">cimaltea.com<\/a><\/span><\/div><\/div><div dir=\"auto\">\u00a0<\/div>\t\t\t\t\t\t<\/div>\n\t\t\t\t<\/div>\n\t\t\t\t\t<\/div>\n\t\t<\/div>\n\t\t\t\t\t\t\t<\/div>\n\t\t<\/section>\n\t\t\t\t\t\t<\/div>\n\t\t\t\t\t<\/div>\n\t\t","protected":false},"excerpt":{"rendered":"<p>El Jurado para esta 50\u00aa edici\u00f3n del Certamen Internacional de M\u00fasica \u201cVila d\u2019 Altea\u201d en su Secci\u00f3 Simf\u00f2nica est\u00e0 compuesto por el brasile\u00f1o Dario Sotelo (presidente), la directora valenciana Pilar &#8230;<\/p>\n","protected":false},"author":1,"featured_media":5807,"comment_status":"open","ping_status":"open","sticky":false,"template":"","format":"standard","meta":[],"categories":[117],"tags":[],"_links":{"self":[{"href":"https:\/\/www.sfaltea.com\/es\/wp-json\/wp\/v2\/posts\/5819"}],"collection":[{"href":"https:\/\/www.sfaltea.com\/es\/wp-json\/wp\/v2\/posts"}],"about":[{"href":"https:\/\/www.sfaltea.com\/es\/wp-json\/wp\/v2\/types\/post"}],"author":[{"embeddable":true,"href":"https:\/\/www.sfaltea.com\/es\/wp-json\/wp\/v2\/users\/1"}],"replies":[{"embeddable":true,"href":"https:\/\/www.sfaltea.com\/es\/wp-json\/wp\/v2\/comments?post=5819"}],"version-history":[{"count":4,"href":"https:\/\/www.sfaltea.com\/es\/wp-json\/wp\/v2\/posts\/5819\/revisions"}],"predecessor-version":[{"id":5823,"href":"https:\/\/www.sfaltea.com\/es\/wp-json\/wp\/v2\/posts\/5819\/revisions\/5823"}],"wp:featuredmedia":[{"embeddable":true,"href":"https:\/\/www.sfaltea.com\/es\/wp-json\/wp\/v2\/media\/5807"}],"wp:attachment":[{"href":"https:\/\/www.sfaltea.com\/es\/wp-json\/wp\/v2\/media?parent=5819"}],"wp:term":[{"taxonomy":"category","embeddable":true,"href":"https:\/\/www.sfaltea.com\/es\/wp-json\/wp\/v2\/categories?post=5819"},{"taxonomy":"post_tag","embeddable":true,"href":"https:\/\/www.sfaltea.com\/es\/wp-json\/wp\/v2\/tags?post=5819"}],"curies":[{"name":"wp","href":"https:\/\/api.w.org\/{rel}","templated":true}]}}