{"id":5833,"date":"2025-03-21T11:26:00","date_gmt":"2025-03-21T10:26:00","guid":{"rendered":"https:\/\/www.sfaltea.com\/2025\/03\/21\/la-banda-primitiva-de-lliria-sera-la-primera-banda-a-actuar-en-la-seccio-simfonica-de-la-50-edicio-del-cim-altea\/"},"modified":"2025-04-15T11:34:27","modified_gmt":"2025-04-15T10:34:27","slug":"la-banda-primitiva-de-lliria-sera-la-primera-banda-a-actuar-en-la-seccio-simfonica-de-la-50-edicio-del-cim-altea","status":"publish","type":"post","link":"https:\/\/www.sfaltea.com\/es\/2025\/03\/21\/la-banda-primitiva-de-lliria-sera-la-primera-banda-a-actuar-en-la-seccio-simfonica-de-la-50-edicio-del-cim-altea\/","title":{"rendered":"La Banda Primitiva de Ll\u00edria ser\u00e1 la primera banda a actuar en la Secci\u00f3n Sinf\u00f3nica de la 50 edici\u00f3n del CIM Altea"},"content":{"rendered":"\t\t<div data-elementor-type=\"wp-post\" data-elementor-id=\"5833\" class=\"elementor elementor-5833\" data-elementor-settings=\"[]\">\n\t\t\t\t\t\t\t<div class=\"elementor-section-wrap\">\n\t\t\t\t\t\t\t<section class=\"elementor-section elementor-top-section elementor-element elementor-element-9ed3b6d elementor-section-boxed elementor-section-height-default elementor-section-height-default\" data-id=\"9ed3b6d\" data-element_type=\"section\">\n\t\t\t\t\t\t<div class=\"elementor-container elementor-column-gap-default\">\n\t\t\t\t\t<div class=\"elementor-column elementor-col-100 elementor-top-column elementor-element elementor-element-e37a05d\" data-id=\"e37a05d\" data-element_type=\"column\">\n\t\t\t<div class=\"elementor-widget-wrap elementor-element-populated\">\n\t\t\t\t\t\t\t\t<div class=\"elementor-element elementor-element-4502217 elementor-widget elementor-widget-image\" data-id=\"4502217\" data-element_type=\"widget\" data-widget_type=\"image.default\">\n\t\t\t\t<div class=\"elementor-widget-container\">\n\t\t\t\t\t\t\t\t\t\t\t\t\t\t\t\t<a href=\"https:\/\/www.sfaltea.com\/wp-content\/uploads\/2025\/03\/lliria-participant-50-cimaltea.jpg\" data-elementor-open-lightbox=\"yes\" data-elementor-lightbox-title=\"lliria participant 50 cimaltea\" e-action-hash=\"#elementor-action%3Aaction%3Dlightbox%26settings%3DeyJpZCI6NTgyOCwidXJsIjoiaHR0cHM6XC9cL3d3dy5zZmFsdGVhLmNvbVwvd3AtY29udGVudFwvdXBsb2Fkc1wvMjAyNVwvMDNcL2xsaXJpYS1wYXJ0aWNpcGFudC01MC1jaW1hbHRlYS5qcGcifQ%3D%3D\">\n\t\t\t\t\t\t\t<img src=\"https:\/\/www.sfaltea.com\/wp-content\/uploads\/2025\/03\/lliria-participant-50-cimaltea.jpg\" title=\"lliria participant 50 cimaltea\" alt=\"lliria participant 50 cimaltea\" \/>\t\t\t\t\t\t\t\t<\/a>\n\t\t\t\t\t\t\t\t\t\t\t\t\t\t\t<\/div>\n\t\t\t\t<\/div>\n\t\t\t\t\t<\/div>\n\t\t<\/div>\n\t\t\t\t\t\t\t<\/div>\n\t\t<\/section>\n\t\t\t\t<section class=\"elementor-section elementor-top-section elementor-element elementor-element-a020fd4 elementor-section-boxed elementor-section-height-default elementor-section-height-default\" data-id=\"a020fd4\" data-element_type=\"section\">\n\t\t\t\t\t\t<div class=\"elementor-container elementor-column-gap-default\">\n\t\t\t\t\t<div class=\"elementor-column elementor-col-100 elementor-top-column elementor-element elementor-element-097aa04\" data-id=\"097aa04\" data-element_type=\"column\">\n\t\t\t<div class=\"elementor-widget-wrap elementor-element-populated\">\n\t\t\t\t\t\t\t\t<div class=\"elementor-element elementor-element-781b509 elementor-widget elementor-widget-text-editor\" data-id=\"781b509\" data-element_type=\"widget\" data-widget_type=\"text-editor.default\">\n\t\t\t\t<div class=\"elementor-widget-container\">\n\t\t\t\t\t\t\t<div class=\"xdj266r x11i5rnm xat24cr x1mh8g0r x1vvkbs x126k92a\"><div dir=\"auto\">El Ateneo Musical i d\u2019Ensenyament Banda Primitiva de Ll\u00edria ser\u00e1 la primera banda en actuar en esta 50 edici\u00f3n del CIM Altea, Secci\u00f3 Simf\u00f2nica bajo la batuta de su director titular, Pedro Vicente Alam\u00e1.<\/div><\/div><div class=\"x11i5rnm xat24cr x1mh8g0r x1vvkbs xtlvy1s x126k92a\"><div dir=\"auto\">La Primitiva de Ll\u00edria, tambi\u00e9n conocida como El Clar\u00edn, fue fundada en 1819 y est\u00e1 considerada como la banda civil m\u00e1s antigua del Estado. Es adem\u00e1s una de las bandas m\u00e1s laureadas con m\u00e1s de 40 primeros premios entre cert\u00e1menes nacionales e internacionales.<\/div><\/div><div class=\"x11i5rnm xat24cr x1mh8g0r x1vvkbs xtlvy1s x126k92a\"><div dir=\"auto\">La Banda Primitiva de Ll\u00edria ha sido dirigida por prestigiosos directores como Sergiu Celibidache, Od\u00f3n Alonso, Jan Molenaar, Luis Cobos, Manuel Galduf, Jan Cober o R. Fr\u00fchbeck de Burgos entre otros.<\/div><\/div>\t\t\t\t\t\t<\/div>\n\t\t\t\t<\/div>\n\t\t\t\t\t<\/div>\n\t\t<\/div>\n\t\t\t\t\t\t\t<\/div>\n\t\t<\/section>\n\t\t\t\t\t\t<\/div>\n\t\t\t\t\t<\/div>\n\t\t","protected":false},"excerpt":{"rendered":"<p>El Ateneo Musical i d\u2019Ensenyament Banda Primitiva de Ll\u00edria ser\u00e1 la primera banda en actuar en esta 50 edici\u00f3n del CIM Altea, Secci\u00f3 Simf\u00f2nica bajo la batuta de su director &#8230;<\/p>\n","protected":false},"author":1,"featured_media":5825,"comment_status":"open","ping_status":"open","sticky":false,"template":"","format":"standard","meta":[],"categories":[79],"tags":[],"_links":{"self":[{"href":"https:\/\/www.sfaltea.com\/es\/wp-json\/wp\/v2\/posts\/5833"}],"collection":[{"href":"https:\/\/www.sfaltea.com\/es\/wp-json\/wp\/v2\/posts"}],"about":[{"href":"https:\/\/www.sfaltea.com\/es\/wp-json\/wp\/v2\/types\/post"}],"author":[{"embeddable":true,"href":"https:\/\/www.sfaltea.com\/es\/wp-json\/wp\/v2\/users\/1"}],"replies":[{"embeddable":true,"href":"https:\/\/www.sfaltea.com\/es\/wp-json\/wp\/v2\/comments?post=5833"}],"version-history":[{"count":4,"href":"https:\/\/www.sfaltea.com\/es\/wp-json\/wp\/v2\/posts\/5833\/revisions"}],"predecessor-version":[{"id":5837,"href":"https:\/\/www.sfaltea.com\/es\/wp-json\/wp\/v2\/posts\/5833\/revisions\/5837"}],"wp:featuredmedia":[{"embeddable":true,"href":"https:\/\/www.sfaltea.com\/es\/wp-json\/wp\/v2\/media\/5825"}],"wp:attachment":[{"href":"https:\/\/www.sfaltea.com\/es\/wp-json\/wp\/v2\/media?parent=5833"}],"wp:term":[{"taxonomy":"category","embeddable":true,"href":"https:\/\/www.sfaltea.com\/es\/wp-json\/wp\/v2\/categories?post=5833"},{"taxonomy":"post_tag","embeddable":true,"href":"https:\/\/www.sfaltea.com\/es\/wp-json\/wp\/v2\/tags?post=5833"}],"curies":[{"name":"wp","href":"https:\/\/api.w.org\/{rel}","templated":true}]}}