{"id":5889,"date":"2024-07-02T12:21:00","date_gmt":"2024-07-02T11:21:00","guid":{"rendered":"https:\/\/www.sfaltea.com\/2024\/07\/02\/lencarregada-de-clausurar-la-50a-edicio-del-cim-altea-seccio-filharmonica-sera-larma-branca-portugal\/"},"modified":"2025-04-15T12:32:56","modified_gmt":"2025-04-15T11:32:56","slug":"lencarregada-de-clausurar-la-50a-edicio-del-cim-altea-seccio-filharmonica-sera-larma-branca-portugal","status":"publish","type":"post","link":"https:\/\/www.sfaltea.com\/es\/2024\/07\/02\/lencarregada-de-clausurar-la-50a-edicio-del-cim-altea-seccio-filharmonica-sera-larma-branca-portugal\/","title":{"rendered":"La encargada de clausurar la 50\u00aa edici\u00f3n del CIM Altea (Secci\u00f3n Filarm\u00f3nica) ser\u00e1 la ARMA da Branca (Portugal)"},"content":{"rendered":"\t\t<div data-elementor-type=\"wp-post\" data-elementor-id=\"5889\" class=\"elementor elementor-5889\" data-elementor-settings=\"[]\">\n\t\t\t\t\t\t\t<div class=\"elementor-section-wrap\">\n\t\t\t\t\t\t\t<section class=\"elementor-section elementor-top-section elementor-element elementor-element-514e935 elementor-section-boxed elementor-section-height-default elementor-section-height-default\" data-id=\"514e935\" data-element_type=\"section\">\n\t\t\t\t\t\t<div class=\"elementor-container elementor-column-gap-default\">\n\t\t\t\t\t<div class=\"elementor-column elementor-col-100 elementor-top-column elementor-element elementor-element-c43e41f\" data-id=\"c43e41f\" data-element_type=\"column\">\n\t\t\t<div class=\"elementor-widget-wrap elementor-element-populated\">\n\t\t\t\t\t\t\t\t<div class=\"elementor-element elementor-element-6da9583 elementor-widget elementor-widget-image\" data-id=\"6da9583\" data-element_type=\"widget\" data-widget_type=\"image.default\">\n\t\t\t\t<div class=\"elementor-widget-container\">\n\t\t\t\t\t\t\t\t\t\t\t\t\t\t\t\t<a href=\"https:\/\/www.sfaltea.com\/wp-content\/uploads\/2024\/07\/branca-participant-50-cimaltea.jpg\" data-elementor-open-lightbox=\"yes\" data-elementor-lightbox-title=\"branca participant 50 cimaltea\" e-action-hash=\"#elementor-action%3Aaction%3Dlightbox%26settings%3DeyJpZCI6NTg3NywidXJsIjoiaHR0cHM6XC9cL3d3dy5zZmFsdGVhLmNvbVwvd3AtY29udGVudFwvdXBsb2Fkc1wvMjAyNFwvMDdcL2JyYW5jYS1wYXJ0aWNpcGFudC01MC1jaW1hbHRlYS5qcGcifQ%3D%3D\">\n\t\t\t\t\t\t\t<img src=\"https:\/\/www.sfaltea.com\/wp-content\/uploads\/elementor\/thumbs\/branca-participant-50-cimaltea-r4e5vl9a2ef9o18dwxiejnkkdtzf54aet4r90aymvs.jpg\" title=\"branca participant 50 cimaltea\" alt=\"branca participant 50 cimaltea\" \/>\t\t\t\t\t\t\t\t<\/a>\n\t\t\t\t\t\t\t\t\t\t\t\t\t\t\t<\/div>\n\t\t\t\t<\/div>\n\t\t\t\t\t<\/div>\n\t\t<\/div>\n\t\t\t\t\t\t\t<\/div>\n\t\t<\/section>\n\t\t\t\t<section class=\"elementor-section elementor-top-section elementor-element elementor-element-a53fbf4 elementor-section-boxed elementor-section-height-default elementor-section-height-default\" data-id=\"a53fbf4\" data-element_type=\"section\">\n\t\t\t\t\t\t<div class=\"elementor-container elementor-column-gap-default\">\n\t\t\t\t\t<div class=\"elementor-column elementor-col-100 elementor-top-column elementor-element elementor-element-08f9c6d\" data-id=\"08f9c6d\" data-element_type=\"column\">\n\t\t\t<div class=\"elementor-widget-wrap elementor-element-populated\">\n\t\t\t\t\t\t\t\t<div class=\"elementor-element elementor-element-53024ff elementor-widget elementor-widget-text-editor\" data-id=\"53024ff\" data-element_type=\"widget\" data-widget_type=\"text-editor.default\">\n\t\t\t\t<div class=\"elementor-widget-container\">\n\t\t\t\t\t\t\t<div class=\"xdj266r x11i5rnm xat24cr x1mh8g0r x1vvkbs x126k92a\"><div dir=\"auto\">La encargada de clausurar esta 50\u00aa edici\u00f3n del CIM \u201cVila d\u2019Altea\u201d Secci\u00f3 Filharm\u00f2nica ser\u00e1 la Associa\u00e7\u00e3o Recreativa e Musical Amigos da Branca (Portugal).<\/div><\/div><div class=\"x11i5rnm xat24cr x1mh8g0r x1vvkbs xtlvy1s x126k92a\"><div dir=\"auto\">Est\u00e1 sociedad musical se funda en 1940 y en su palmar\u00e9s destacan los primeros premios en:<\/div><div dir=\"auto\"><span class=\"html-span xexx8yu x4uap5 x18d9i69 xkhd6sd x1hl2dhg x16tdsg8 x1vvkbs x3nfvp2 x1j61x8r x1fcty0u xdj266r xat24cr xgzva0m xhhsvwb xxymvpz xlup9mm x1kky2od\"><img loading=\"lazy\" class=\"xz74otr x168nmei x13lgxp2 x5pf9jr xo71vjh\" src=\"https:\/\/static.xx.fbcdn.net\/images\/emoji.php\/v9\/t72\/1\/16\/1f538.png\" alt=\"\ud83d\udd38\" width=\"16\" height=\"16\" \/><\/span> \u00abCertamen Internacional de Bandas Villa de Altea\u00bb en 2007 y 2014<\/div><div dir=\"auto\"><span class=\"html-span xexx8yu x4uap5 x18d9i69 xkhd6sd x1hl2dhg x16tdsg8 x1vvkbs x3nfvp2 x1j61x8r x1fcty0u xdj266r xat24cr xgzva0m xhhsvwb xxymvpz xlup9mm x1kky2od\"><img loading=\"lazy\" class=\"xz74otr x168nmei x13lgxp2 x5pf9jr xo71vjh\" src=\"https:\/\/static.xx.fbcdn.net\/images\/emoji.php\/v9\/t72\/1\/16\/1f538.png\" alt=\"\ud83d\udd38\" width=\"16\" height=\"16\" \/><\/span> 1\u00aaSecci\u00f3n, en el 132\u00ba Certamen Internacional de Bandas Ciudad de Valencia, en 2018.<\/div><\/div><div class=\"x11i5rnm xat24cr x1mh8g0r x1vvkbs xtlvy1s x126k92a\"><div dir=\"auto\">El pr\u00f3ximo 7 de diciembre participar\u00e1 de nuevo en el Certamen d\u2019Altea bajo la direcci\u00f3n de Paulo Martins.<\/div><\/div>\t\t\t\t\t\t<\/div>\n\t\t\t\t<\/div>\n\t\t\t\t\t<\/div>\n\t\t<\/div>\n\t\t\t\t\t\t\t<\/div>\n\t\t<\/section>\n\t\t\t\t\t\t<\/div>\n\t\t\t\t\t<\/div>\n\t\t","protected":false},"excerpt":{"rendered":"<p>La encargada de clausurar esta 50\u00aa edici\u00f3n del CIM \u201cVila d\u2019Altea\u201d Secci\u00f3 Filharm\u00f2nica ser\u00e1 la Associa\u00e7\u00e3o Recreativa e Musical Amigos da Branca (Portugal).Est\u00e1 sociedad musical se funda en 1940 y &#8230;<\/p>\n","protected":false},"author":1,"featured_media":5875,"comment_status":"open","ping_status":"open","sticky":false,"template":"","format":"standard","meta":[],"categories":[117],"tags":[],"_links":{"self":[{"href":"https:\/\/www.sfaltea.com\/es\/wp-json\/wp\/v2\/posts\/5889"}],"collection":[{"href":"https:\/\/www.sfaltea.com\/es\/wp-json\/wp\/v2\/posts"}],"about":[{"href":"https:\/\/www.sfaltea.com\/es\/wp-json\/wp\/v2\/types\/post"}],"author":[{"embeddable":true,"href":"https:\/\/www.sfaltea.com\/es\/wp-json\/wp\/v2\/users\/1"}],"replies":[{"embeddable":true,"href":"https:\/\/www.sfaltea.com\/es\/wp-json\/wp\/v2\/comments?post=5889"}],"version-history":[{"count":4,"href":"https:\/\/www.sfaltea.com\/es\/wp-json\/wp\/v2\/posts\/5889\/revisions"}],"predecessor-version":[{"id":5893,"href":"https:\/\/www.sfaltea.com\/es\/wp-json\/wp\/v2\/posts\/5889\/revisions\/5893"}],"wp:featuredmedia":[{"embeddable":true,"href":"https:\/\/www.sfaltea.com\/es\/wp-json\/wp\/v2\/media\/5875"}],"wp:attachment":[{"href":"https:\/\/www.sfaltea.com\/es\/wp-json\/wp\/v2\/media?parent=5889"}],"wp:term":[{"taxonomy":"category","embeddable":true,"href":"https:\/\/www.sfaltea.com\/es\/wp-json\/wp\/v2\/categories?post=5889"},{"taxonomy":"post_tag","embeddable":true,"href":"https:\/\/www.sfaltea.com\/es\/wp-json\/wp\/v2\/tags?post=5889"}],"curies":[{"name":"wp","href":"https:\/\/api.w.org\/{rel}","templated":true}]}}