{"id":7300,"date":"2026-03-10T19:04:00","date_gmt":"2026-03-10T18:04:00","guid":{"rendered":"https:\/\/www.sfaltea.com\/2026\/03\/11\/assemblea-general-ordinaria-sfa-2026\/"},"modified":"2026-03-11T20:56:44","modified_gmt":"2026-03-11T19:56:44","slug":"assemblea-general-ordinaria-sfa-2026","status":"publish","type":"post","link":"https:\/\/www.sfaltea.com\/es\/2026\/03\/10\/assemblea-general-ordinaria-sfa-2026\/","title":{"rendered":"Asamblea General Ordinaria SFA 2026"},"content":{"rendered":"\n<p>La Societat Filharm\u00f2nica Alteanense convoca a sus socios y m\u00fasicos a la Asamblea General ORDINARIA a celebrar el&nbsp;<strong>s\u00e1bado 21 de marzo del 2026<\/strong>, a las 17:00 h en primera convocatoria, y a las 17:30 h en segunda, en la sede social de la SFA.<\/p>\n\n\n\n<p>M\u00e1s info:&nbsp;<a rel=\"noreferrer noopener\" href=\"https:\/\/www.sfaltea.com\/wp-content\/uploads\/2026\/03\/20260310ConvSocisAssembleaOrd20260321Web.pdf\" target=\"_blank\">VER CONVOCATORIA\/ORDEN DEL D\u00cdA<\/a>.<\/p>\n\n\n\n<figure class=\"wp-block-image size-large\"><img loading=\"lazy\" width=\"2560\" height=\"1439\" src=\"https:\/\/www.sfaltea.com\/wp-content\/uploads\/2025\/03\/ASAMBLEA-24-edited-scaled.jpg\" alt=\"\" class=\"wp-image-4978\" srcset=\"https:\/\/www.sfaltea.com\/wp-content\/uploads\/2025\/03\/ASAMBLEA-24-edited-scaled.jpg 2560w, https:\/\/www.sfaltea.com\/wp-content\/uploads\/2025\/03\/ASAMBLEA-24-edited-300x169.jpg 300w, https:\/\/www.sfaltea.com\/wp-content\/uploads\/2025\/03\/ASAMBLEA-24-edited-1024x575.jpg 1024w, https:\/\/www.sfaltea.com\/wp-content\/uploads\/2025\/03\/ASAMBLEA-24-edited-768x432.jpg 768w, https:\/\/www.sfaltea.com\/wp-content\/uploads\/2025\/03\/ASAMBLEA-24-edited-1536x863.jpg 1536w, https:\/\/www.sfaltea.com\/wp-content\/uploads\/2025\/03\/ASAMBLEA-24-edited-2048x1151.jpg 2048w, https:\/\/www.sfaltea.com\/wp-content\/uploads\/2025\/03\/ASAMBLEA-24-edited-100x56.jpg 100w, https:\/\/www.sfaltea.com\/wp-content\/uploads\/2025\/03\/ASAMBLEA-24-edited-862x484.jpg 862w, https:\/\/www.sfaltea.com\/wp-content\/uploads\/2025\/03\/ASAMBLEA-24-edited-1020x573.jpg 1020w\" sizes=\"(max-width: 2560px) 100vw, 2560px\" \/><figcaption><em>Foto de archivo (Asamblea SFA 23\/05\/2024<\/em>)<\/figcaption><\/figure>\n","protected":false},"excerpt":{"rendered":"<p>La Societat Filharm\u00f2nica Alteanense convoca a sus socios y m\u00fasicos a la Asamblea General ORDINARIA a celebrar el&nbsp;s\u00e1bado 21 de marzo del 2026, a las 17:00 h en primera convocatoria, &#8230;<\/p>\n","protected":false},"author":1,"featured_media":2302,"comment_status":"open","ping_status":"open","sticky":false,"template":"","format":"standard","meta":[],"categories":[157,125,77],"tags":[],"_links":{"self":[{"href":"https:\/\/www.sfaltea.com\/es\/wp-json\/wp\/v2\/posts\/7300"}],"collection":[{"href":"https:\/\/www.sfaltea.com\/es\/wp-json\/wp\/v2\/posts"}],"about":[{"href":"https:\/\/www.sfaltea.com\/es\/wp-json\/wp\/v2\/types\/post"}],"author":[{"embeddable":true,"href":"https:\/\/www.sfaltea.com\/es\/wp-json\/wp\/v2\/users\/1"}],"replies":[{"embeddable":true,"href":"https:\/\/www.sfaltea.com\/es\/wp-json\/wp\/v2\/comments?post=7300"}],"version-history":[{"count":2,"href":"https:\/\/www.sfaltea.com\/es\/wp-json\/wp\/v2\/posts\/7300\/revisions"}],"predecessor-version":[{"id":7306,"href":"https:\/\/www.sfaltea.com\/es\/wp-json\/wp\/v2\/posts\/7300\/revisions\/7306"}],"wp:featuredmedia":[{"embeddable":true,"href":"https:\/\/www.sfaltea.com\/es\/wp-json\/wp\/v2\/media\/2302"}],"wp:attachment":[{"href":"https:\/\/www.sfaltea.com\/es\/wp-json\/wp\/v2\/media?parent=7300"}],"wp:term":[{"taxonomy":"category","embeddable":true,"href":"https:\/\/www.sfaltea.com\/es\/wp-json\/wp\/v2\/categories?post=7300"},{"taxonomy":"post_tag","embeddable":true,"href":"https:\/\/www.sfaltea.com\/es\/wp-json\/wp\/v2\/tags?post=7300"}],"curies":[{"name":"wp","href":"https:\/\/api.w.org\/{rel}","templated":true}]}}